{"id":909,"date":"2021-06-28T10:02:28","date_gmt":"2021-06-28T08:02:28","guid":{"rendered":"https:\/\/lentrenous.be\/fr\/?p=909"},"modified":"2021-06-28T10:05:49","modified_gmt":"2021-06-28T08:05:49","slug":"plat-de-la-semaine-du-28-06-au-02-07","status":"publish","type":"post","link":"https:\/\/lentrenous.be\/fr\/06\/28\/plat-de-la-semaine-du-28-06-au-02-07\/","title":{"rendered":"Plat de la semaine du 28\/06 au 02\/07"},"content":{"rendered":"\t\t<div data-elementor-type=\"wp-post\" data-elementor-id=\"909\" class=\"elementor elementor-909\">\n\t\t\t\t\t\t<section class=\"elementor-section elementor-top-section elementor-element elementor-element-a683614 elementor-section-boxed elementor-section-height-default elementor-section-height-default\" data-id=\"a683614\" data-element_type=\"section\">\n\t\t\t\t\t\t<div class=\"elementor-container elementor-column-gap-default\">\n\t\t\t\t\t<div class=\"elementor-column elementor-col-33 elementor-top-column elementor-element elementor-element-f9b2633\" data-id=\"f9b2633\" data-element_type=\"column\">\n\t\t\t<div class=\"elementor-widget-wrap elementor-element-populated\">\n\t\t\t\t\t\t<div class=\"elementor-element elementor-element-1f1c1b5 elementor-widget elementor-widget-image\" data-id=\"1f1c1b5\" data-element_type=\"widget\" data-widget_type=\"image.default\">\n\t\t\t\t<div class=\"elementor-widget-container\">\n\t\t\t\t\t\t\t\t\t\t\t\t\t\t\t<img fetchpriority=\"high\" decoding=\"async\" width=\"1024\" height=\"662\" src=\"https:\/\/lentrenous.be\/fr\/wp-content\/uploads\/2020\/02\/Platdujour-1024x662.jpg\" class=\"attachment-large size-large wp-image-198\" alt=\"\" srcset=\"https:\/\/lentrenous.be\/fr\/wp-content\/uploads\/2020\/02\/Platdujour-1024x662.jpg 1024w, https:\/\/lentrenous.be\/fr\/wp-content\/uploads\/2020\/02\/Platdujour-300x194.jpg 300w, https:\/\/lentrenous.be\/fr\/wp-content\/uploads\/2020\/02\/Platdujour-768x497.jpg 768w, https:\/\/lentrenous.be\/fr\/wp-content\/uploads\/2020\/02\/Platdujour.jpg 1200w\" sizes=\"(max-width: 1024px) 100vw, 1024px\" \/>\t\t\t\t\t\t\t\t\t\t\t\t\t\t\t<\/div>\n\t\t\t\t<\/div>\n\t\t\t\t\t<\/div>\n\t\t<\/div>\n\t\t\t\t<div class=\"elementor-column elementor-col-66 elementor-top-column elementor-element elementor-element-bb02005\" data-id=\"bb02005\" data-element_type=\"column\">\n\t\t\t<div class=\"elementor-widget-wrap elementor-element-populated\">\n\t\t\t\t\t\t<div class=\"elementor-element elementor-element-773bdef elementor-widget elementor-widget-text-editor\" data-id=\"773bdef\" data-element_type=\"widget\" data-widget_type=\"text-editor.default\">\n\t\t\t\t<div class=\"elementor-widget-container\">\n\t\t\t\t\t\t\t\t\t<div class=\"elementor-column elementor-col-66 elementor-top-column elementor-element elementor-element-254e803\" data-id=\"254e803\" data-element_type=\"column\"><div class=\"elementor-column-wrap elementor-element-populated\"><div class=\"elementor-widget-wrap\"><div class=\"elementor-element elementor-element-3bfbef8 elementor-widget elementor-widget-text-editor\" data-id=\"3bfbef8\" data-element_type=\"widget\" data-widget_type=\"text-editor.default\"><div class=\"elementor-widget-container\"><div class=\"elementor-text-editor elementor-clearfix\"><div class=\"elementor-column elementor-col-66 elementor-top-column elementor-element elementor-element-7f7f008\" data-id=\"7f7f008\" data-element_type=\"column\"><div class=\"elementor-column-wrap elementor-element-populated\"><div class=\"elementor-widget-wrap\"><div class=\"elementor-element elementor-element-a0c3186 elementor-widget elementor-widget-text-editor\" data-id=\"a0c3186\" data-element_type=\"widget\" data-widget_type=\"text-editor.default\"><div class=\"elementor-widget-container\"><div class=\"elementor-text-editor elementor-clearfix\"><p>Nous vous proposons pour cette semaine servi uniquement le midi du 28\/06 au 02\/07 inclus: <strong>Filet de loup de mer aux petits l\u00e9gumes, pommes grenailles au prix de 14,80\u20ac<\/strong><\/p><p>N\u2019h\u00e9sitez pas \u00e0 r\u00e9server votre table au 019546146<\/p><p>Faites vous plaisir .\u00a0<\/p><p>Merci pour votre fid\u00e9lit\u00e9 \u00e0 tr\u00e8s bient\u00f4t<\/p><\/div><\/div><\/div><\/div><\/div><\/div><\/div><\/div><\/div><\/div><\/div><\/div>\t\t\t\t\t\t\t\t<\/div>\n\t\t\t\t<\/div>\n\t\t\t\t\t<\/div>\n\t\t<\/div>\n\t\t\t\t\t<\/div>\n\t\t<\/section>\n\t\t\t\t<\/div>\n\t\t","protected":false},"excerpt":{"rendered":"<p>Nous vous proposons pour cette semaine servi uniquement le midi du 28\/06 au 02\/07 inclus: Filet de loup de mer aux petits l\u00e9gumes, pommes grenailles au prix de 14,80\u20ac N\u2019h\u00e9sitez pas \u00e0 r\u00e9server votre table au 019546146 Faites vous plaisir .\u00a0 Merci pour votre fid\u00e9lit\u00e9 \u00e0 tr\u00e8s bient\u00f4t<\/p>\n","protected":false},"author":3,"featured_media":0,"comment_status":"closed","ping_status":"open","sticky":false,"template":"","format":"standard","meta":{"ocean_post_layout":"","ocean_both_sidebars_style":"","ocean_both_sidebars_content_width":0,"ocean_both_sidebars_sidebars_width":0,"ocean_sidebar":"0","ocean_second_sidebar":"0","ocean_disable_margins":"enable","ocean_add_body_class":"","ocean_shortcode_before_top_bar":"","ocean_shortcode_after_top_bar":"","ocean_shortcode_before_header":"","ocean_shortcode_after_header":"","ocean_has_shortcode":"","ocean_shortcode_after_title":"","ocean_shortcode_before_footer_widgets":"","ocean_shortcode_after_footer_widgets":"","ocean_shortcode_before_footer_bottom":"","ocean_shortcode_after_footer_bottom":"","ocean_display_top_bar":"default","ocean_display_header":"default","ocean_header_style":"","ocean_center_header_left_menu":"0","ocean_custom_header_template":"0","ocean_custom_logo":0,"ocean_custom_retina_logo":0,"ocean_custom_logo_max_width":0,"ocean_custom_logo_tablet_max_width":0,"ocean_custom_logo_mobile_max_width":0,"ocean_custom_logo_max_height":0,"ocean_custom_logo_tablet_max_height":0,"ocean_custom_logo_mobile_max_height":0,"ocean_header_custom_menu":"0","ocean_menu_typo_font_family":"0","ocean_menu_typo_font_subset":"","ocean_menu_typo_font_size":0,"ocean_menu_typo_font_size_tablet":0,"ocean_menu_typo_font_size_mobile":0,"ocean_menu_typo_font_size_unit":"px","ocean_menu_typo_font_weight":"","ocean_menu_typo_font_weight_tablet":"","ocean_menu_typo_font_weight_mobile":"","ocean_menu_typo_transform":"","ocean_menu_typo_transform_tablet":"","ocean_menu_typo_transform_mobile":"","ocean_menu_typo_line_height":0,"ocean_menu_typo_line_height_tablet":0,"ocean_menu_typo_line_height_mobile":0,"ocean_menu_typo_line_height_unit":"","ocean_menu_typo_spacing":0,"ocean_menu_typo_spacing_tablet":0,"ocean_menu_typo_spacing_mobile":0,"ocean_menu_typo_spacing_unit":"","ocean_menu_link_color":"","ocean_menu_link_color_hover":"","ocean_menu_link_color_active":"","ocean_menu_link_background":"","ocean_menu_link_hover_background":"","ocean_menu_link_active_background":"","ocean_menu_social_links_bg":"","ocean_menu_social_hover_links_bg":"","ocean_menu_social_links_color":"","ocean_menu_social_hover_links_color":"","ocean_disable_title":"default","ocean_disable_heading":"default","ocean_post_title":"","ocean_post_subheading":"","ocean_post_title_style":"","ocean_post_title_background_color":"","ocean_post_title_background":0,"ocean_post_title_bg_image_position":"","ocean_post_title_bg_image_attachment":"","ocean_post_title_bg_image_repeat":"","ocean_post_title_bg_image_size":"","ocean_post_title_height":0,"ocean_post_title_bg_overlay":0.5,"ocean_post_title_bg_overlay_color":"","ocean_disable_breadcrumbs":"default","ocean_breadcrumbs_color":"","ocean_breadcrumbs_separator_color":"","ocean_breadcrumbs_links_color":"","ocean_breadcrumbs_links_hover_color":"","ocean_display_footer_widgets":"default","ocean_display_footer_bottom":"default","ocean_custom_footer_template":"0","ocean_post_oembed":"","ocean_post_self_hosted_media":"","ocean_post_video_embed":"","ocean_link_format":"","ocean_link_format_target":"self","ocean_quote_format":"","ocean_quote_format_link":"post","ocean_gallery_link_images":"off","ocean_gallery_id":[],"footnotes":""},"categories":[1],"tags":[],"class_list":["post-909","post","type-post","status-publish","format-standard","hentry","category-non-classe","entry"],"yoast_head":"<!-- This site is optimized with the Yoast SEO plugin v26.7 - https:\/\/yoast.com\/wordpress\/plugins\/seo\/ -->\n<title>Plat de la semaine du 28\/06 au 02\/07 - Brasserie l&#039;Entre-Nous<\/title>\n<meta name=\"robots\" content=\"index, follow, max-snippet:-1, max-image-preview:large, max-video-preview:-1\" \/>\n<link rel=\"canonical\" href=\"https:\/\/lentrenous.be\/fr\/06\/28\/plat-de-la-semaine-du-28-06-au-02-07\/\" \/>\n<meta property=\"og:locale\" content=\"fr_FR\" \/>\n<meta property=\"og:type\" content=\"article\" \/>\n<meta property=\"og:title\" content=\"Plat de la semaine du 28\/06 au 02\/07 - Brasserie l&#039;Entre-Nous\" \/>\n<meta property=\"og:description\" content=\"Nous vous proposons pour cette semaine servi uniquement le midi du 28\/06 au 02\/07 inclus: Filet de loup de mer aux petits l\u00e9gumes, pommes grenailles au prix de 14,80\u20ac N\u2019h\u00e9sitez pas \u00e0 r\u00e9server votre table au 019546146 Faites vous plaisir .\u00a0 Merci pour votre fid\u00e9lit\u00e9 \u00e0 tr\u00e8s bient\u00f4t\" \/>\n<meta property=\"og:url\" content=\"https:\/\/lentrenous.be\/fr\/06\/28\/plat-de-la-semaine-du-28-06-au-02-07\/\" \/>\n<meta property=\"og:site_name\" content=\"Brasserie l&#039;Entre-Nous\" \/>\n<meta property=\"article:published_time\" content=\"2021-06-28T08:02:28+00:00\" \/>\n<meta property=\"article:modified_time\" content=\"2021-06-28T08:05:49+00:00\" \/>\n<meta property=\"og:image\" content=\"https:\/\/lentrenous.be\/fr\/wp-content\/uploads\/2020\/02\/Platdujour-1024x662.jpg\" \/>\n<meta name=\"author\" content=\"Didier Cox\" \/>\n<meta name=\"twitter:card\" content=\"summary_large_image\" \/>\n<meta name=\"twitter:label1\" content=\"\u00c9crit par\" \/>\n\t<meta name=\"twitter:data1\" content=\"Didier Cox\" \/>\n\t<meta name=\"twitter:label2\" content=\"Dur\u00e9e de lecture estim\u00e9e\" \/>\n\t<meta name=\"twitter:data2\" content=\"1 minute\" \/>\n<script type=\"application\/ld+json\" class=\"yoast-schema-graph\">{\"@context\":\"https:\/\/schema.org\",\"@graph\":[{\"@type\":\"Article\",\"@id\":\"https:\/\/lentrenous.be\/fr\/06\/28\/plat-de-la-semaine-du-28-06-au-02-07\/#article\",\"isPartOf\":{\"@id\":\"https:\/\/lentrenous.be\/fr\/06\/28\/plat-de-la-semaine-du-28-06-au-02-07\/\"},\"author\":{\"name\":\"Didier Cox\",\"@id\":\"https:\/\/lentrenous.be\/fr\/#\/schema\/person\/0a870de8fa36bc005ad18b7b07f78a87\"},\"headline\":\"Plat de la semaine du 28\/06 au 02\/07\",\"datePublished\":\"2021-06-28T08:02:28+00:00\",\"dateModified\":\"2021-06-28T08:05:49+00:00\",\"mainEntityOfPage\":{\"@id\":\"https:\/\/lentrenous.be\/fr\/06\/28\/plat-de-la-semaine-du-28-06-au-02-07\/\"},\"wordCount\":54,\"image\":{\"@id\":\"https:\/\/lentrenous.be\/fr\/06\/28\/plat-de-la-semaine-du-28-06-au-02-07\/#primaryimage\"},\"thumbnailUrl\":\"https:\/\/lentrenous.be\/fr\/wp-content\/uploads\/2020\/02\/Platdujour-1024x662.jpg\",\"inLanguage\":\"fr-FR\"},{\"@type\":\"WebPage\",\"@id\":\"https:\/\/lentrenous.be\/fr\/06\/28\/plat-de-la-semaine-du-28-06-au-02-07\/\",\"url\":\"https:\/\/lentrenous.be\/fr\/06\/28\/plat-de-la-semaine-du-28-06-au-02-07\/\",\"name\":\"Plat de la semaine du 28\/06 au 02\/07 - Brasserie l&#039;Entre-Nous\",\"isPartOf\":{\"@id\":\"https:\/\/lentrenous.be\/fr\/#website\"},\"primaryImageOfPage\":{\"@id\":\"https:\/\/lentrenous.be\/fr\/06\/28\/plat-de-la-semaine-du-28-06-au-02-07\/#primaryimage\"},\"image\":{\"@id\":\"https:\/\/lentrenous.be\/fr\/06\/28\/plat-de-la-semaine-du-28-06-au-02-07\/#primaryimage\"},\"thumbnailUrl\":\"https:\/\/lentrenous.be\/fr\/wp-content\/uploads\/2020\/02\/Platdujour-1024x662.jpg\",\"datePublished\":\"2021-06-28T08:02:28+00:00\",\"dateModified\":\"2021-06-28T08:05:49+00:00\",\"author\":{\"@id\":\"https:\/\/lentrenous.be\/fr\/#\/schema\/person\/0a870de8fa36bc005ad18b7b07f78a87\"},\"breadcrumb\":{\"@id\":\"https:\/\/lentrenous.be\/fr\/06\/28\/plat-de-la-semaine-du-28-06-au-02-07\/#breadcrumb\"},\"inLanguage\":\"fr-FR\",\"potentialAction\":[{\"@type\":\"ReadAction\",\"target\":[\"https:\/\/lentrenous.be\/fr\/06\/28\/plat-de-la-semaine-du-28-06-au-02-07\/\"]}]},{\"@type\":\"ImageObject\",\"inLanguage\":\"fr-FR\",\"@id\":\"https:\/\/lentrenous.be\/fr\/06\/28\/plat-de-la-semaine-du-28-06-au-02-07\/#primaryimage\",\"url\":\"https:\/\/lentrenous.be\/fr\/wp-content\/uploads\/2020\/02\/Platdujour.jpg\",\"contentUrl\":\"https:\/\/lentrenous.be\/fr\/wp-content\/uploads\/2020\/02\/Platdujour.jpg\",\"width\":1200,\"height\":776},{\"@type\":\"BreadcrumbList\",\"@id\":\"https:\/\/lentrenous.be\/fr\/06\/28\/plat-de-la-semaine-du-28-06-au-02-07\/#breadcrumb\",\"itemListElement\":[{\"@type\":\"ListItem\",\"position\":1,\"name\":\"Accueil\",\"item\":\"https:\/\/lentrenous.be\/fr\/\"},{\"@type\":\"ListItem\",\"position\":2,\"name\":\"Plat de la semaine du 28\/06 au 02\/07\"}]},{\"@type\":\"WebSite\",\"@id\":\"https:\/\/lentrenous.be\/fr\/#website\",\"url\":\"https:\/\/lentrenous.be\/fr\/\",\"name\":\"Brasserie l&#039;Entre-Nous\",\"description\":\"Votre brasserie \u00e0 Hannut\",\"potentialAction\":[{\"@type\":\"SearchAction\",\"target\":{\"@type\":\"EntryPoint\",\"urlTemplate\":\"https:\/\/lentrenous.be\/fr\/?s={search_term_string}\"},\"query-input\":{\"@type\":\"PropertyValueSpecification\",\"valueRequired\":true,\"valueName\":\"search_term_string\"}}],\"inLanguage\":\"fr-FR\"},{\"@type\":\"Person\",\"@id\":\"https:\/\/lentrenous.be\/fr\/#\/schema\/person\/0a870de8fa36bc005ad18b7b07f78a87\",\"name\":\"Didier Cox\",\"image\":{\"@type\":\"ImageObject\",\"inLanguage\":\"fr-FR\",\"@id\":\"https:\/\/lentrenous.be\/fr\/#\/schema\/person\/image\/\",\"url\":\"https:\/\/secure.gravatar.com\/avatar\/9e295013ed8451e8c3d57b47c1fc0aa8b6e0a92b8536a810adae4b87a56bb406?s=96&d=mm&r=g\",\"contentUrl\":\"https:\/\/secure.gravatar.com\/avatar\/9e295013ed8451e8c3d57b47c1fc0aa8b6e0a92b8536a810adae4b87a56bb406?s=96&d=mm&r=g\",\"caption\":\"Didier Cox\"},\"url\":\"https:\/\/lentrenous.be\/fr\/author\/lentrenous\/\"}]}<\/script>\n<!-- \/ Yoast SEO plugin. -->","yoast_head_json":{"title":"Plat de la semaine du 28\/06 au 02\/07 - Brasserie l&#039;Entre-Nous","robots":{"index":"index","follow":"follow","max-snippet":"max-snippet:-1","max-image-preview":"max-image-preview:large","max-video-preview":"max-video-preview:-1"},"canonical":"https:\/\/lentrenous.be\/fr\/06\/28\/plat-de-la-semaine-du-28-06-au-02-07\/","og_locale":"fr_FR","og_type":"article","og_title":"Plat de la semaine du 28\/06 au 02\/07 - Brasserie l&#039;Entre-Nous","og_description":"Nous vous proposons pour cette semaine servi uniquement le midi du 28\/06 au 02\/07 inclus: Filet de loup de mer aux petits l\u00e9gumes, pommes grenailles au prix de 14,80\u20ac N\u2019h\u00e9sitez pas \u00e0 r\u00e9server votre table au 019546146 Faites vous plaisir .\u00a0 Merci pour votre fid\u00e9lit\u00e9 \u00e0 tr\u00e8s bient\u00f4t","og_url":"https:\/\/lentrenous.be\/fr\/06\/28\/plat-de-la-semaine-du-28-06-au-02-07\/","og_site_name":"Brasserie l&#039;Entre-Nous","article_published_time":"2021-06-28T08:02:28+00:00","article_modified_time":"2021-06-28T08:05:49+00:00","og_image":[{"url":"https:\/\/lentrenous.be\/fr\/wp-content\/uploads\/2020\/02\/Platdujour-1024x662.jpg","type":"","width":"","height":""}],"author":"Didier Cox","twitter_card":"summary_large_image","twitter_misc":{"\u00c9crit par":"Didier Cox","Dur\u00e9e de lecture estim\u00e9e":"1 minute"},"schema":{"@context":"https:\/\/schema.org","@graph":[{"@type":"Article","@id":"https:\/\/lentrenous.be\/fr\/06\/28\/plat-de-la-semaine-du-28-06-au-02-07\/#article","isPartOf":{"@id":"https:\/\/lentrenous.be\/fr\/06\/28\/plat-de-la-semaine-du-28-06-au-02-07\/"},"author":{"name":"Didier Cox","@id":"https:\/\/lentrenous.be\/fr\/#\/schema\/person\/0a870de8fa36bc005ad18b7b07f78a87"},"headline":"Plat de la semaine du 28\/06 au 02\/07","datePublished":"2021-06-28T08:02:28+00:00","dateModified":"2021-06-28T08:05:49+00:00","mainEntityOfPage":{"@id":"https:\/\/lentrenous.be\/fr\/06\/28\/plat-de-la-semaine-du-28-06-au-02-07\/"},"wordCount":54,"image":{"@id":"https:\/\/lentrenous.be\/fr\/06\/28\/plat-de-la-semaine-du-28-06-au-02-07\/#primaryimage"},"thumbnailUrl":"https:\/\/lentrenous.be\/fr\/wp-content\/uploads\/2020\/02\/Platdujour-1024x662.jpg","inLanguage":"fr-FR"},{"@type":"WebPage","@id":"https:\/\/lentrenous.be\/fr\/06\/28\/plat-de-la-semaine-du-28-06-au-02-07\/","url":"https:\/\/lentrenous.be\/fr\/06\/28\/plat-de-la-semaine-du-28-06-au-02-07\/","name":"Plat de la semaine du 28\/06 au 02\/07 - Brasserie l&#039;Entre-Nous","isPartOf":{"@id":"https:\/\/lentrenous.be\/fr\/#website"},"primaryImageOfPage":{"@id":"https:\/\/lentrenous.be\/fr\/06\/28\/plat-de-la-semaine-du-28-06-au-02-07\/#primaryimage"},"image":{"@id":"https:\/\/lentrenous.be\/fr\/06\/28\/plat-de-la-semaine-du-28-06-au-02-07\/#primaryimage"},"thumbnailUrl":"https:\/\/lentrenous.be\/fr\/wp-content\/uploads\/2020\/02\/Platdujour-1024x662.jpg","datePublished":"2021-06-28T08:02:28+00:00","dateModified":"2021-06-28T08:05:49+00:00","author":{"@id":"https:\/\/lentrenous.be\/fr\/#\/schema\/person\/0a870de8fa36bc005ad18b7b07f78a87"},"breadcrumb":{"@id":"https:\/\/lentrenous.be\/fr\/06\/28\/plat-de-la-semaine-du-28-06-au-02-07\/#breadcrumb"},"inLanguage":"fr-FR","potentialAction":[{"@type":"ReadAction","target":["https:\/\/lentrenous.be\/fr\/06\/28\/plat-de-la-semaine-du-28-06-au-02-07\/"]}]},{"@type":"ImageObject","inLanguage":"fr-FR","@id":"https:\/\/lentrenous.be\/fr\/06\/28\/plat-de-la-semaine-du-28-06-au-02-07\/#primaryimage","url":"https:\/\/lentrenous.be\/fr\/wp-content\/uploads\/2020\/02\/Platdujour.jpg","contentUrl":"https:\/\/lentrenous.be\/fr\/wp-content\/uploads\/2020\/02\/Platdujour.jpg","width":1200,"height":776},{"@type":"BreadcrumbList","@id":"https:\/\/lentrenous.be\/fr\/06\/28\/plat-de-la-semaine-du-28-06-au-02-07\/#breadcrumb","itemListElement":[{"@type":"ListItem","position":1,"name":"Accueil","item":"https:\/\/lentrenous.be\/fr\/"},{"@type":"ListItem","position":2,"name":"Plat de la semaine du 28\/06 au 02\/07"}]},{"@type":"WebSite","@id":"https:\/\/lentrenous.be\/fr\/#website","url":"https:\/\/lentrenous.be\/fr\/","name":"Brasserie l&#039;Entre-Nous","description":"Votre brasserie \u00e0 Hannut","potentialAction":[{"@type":"SearchAction","target":{"@type":"EntryPoint","urlTemplate":"https:\/\/lentrenous.be\/fr\/?s={search_term_string}"},"query-input":{"@type":"PropertyValueSpecification","valueRequired":true,"valueName":"search_term_string"}}],"inLanguage":"fr-FR"},{"@type":"Person","@id":"https:\/\/lentrenous.be\/fr\/#\/schema\/person\/0a870de8fa36bc005ad18b7b07f78a87","name":"Didier Cox","image":{"@type":"ImageObject","inLanguage":"fr-FR","@id":"https:\/\/lentrenous.be\/fr\/#\/schema\/person\/image\/","url":"https:\/\/secure.gravatar.com\/avatar\/9e295013ed8451e8c3d57b47c1fc0aa8b6e0a92b8536a810adae4b87a56bb406?s=96&d=mm&r=g","contentUrl":"https:\/\/secure.gravatar.com\/avatar\/9e295013ed8451e8c3d57b47c1fc0aa8b6e0a92b8536a810adae4b87a56bb406?s=96&d=mm&r=g","caption":"Didier Cox"},"url":"https:\/\/lentrenous.be\/fr\/author\/lentrenous\/"}]}},"_links":{"self":[{"href":"https:\/\/lentrenous.be\/fr\/wp-json\/wp\/v2\/posts\/909","targetHints":{"allow":["GET"]}}],"collection":[{"href":"https:\/\/lentrenous.be\/fr\/wp-json\/wp\/v2\/posts"}],"about":[{"href":"https:\/\/lentrenous.be\/fr\/wp-json\/wp\/v2\/types\/post"}],"author":[{"embeddable":true,"href":"https:\/\/lentrenous.be\/fr\/wp-json\/wp\/v2\/users\/3"}],"replies":[{"embeddable":true,"href":"https:\/\/lentrenous.be\/fr\/wp-json\/wp\/v2\/comments?post=909"}],"version-history":[{"count":4,"href":"https:\/\/lentrenous.be\/fr\/wp-json\/wp\/v2\/posts\/909\/revisions"}],"predecessor-version":[{"id":913,"href":"https:\/\/lentrenous.be\/fr\/wp-json\/wp\/v2\/posts\/909\/revisions\/913"}],"wp:attachment":[{"href":"https:\/\/lentrenous.be\/fr\/wp-json\/wp\/v2\/media?parent=909"}],"wp:term":[{"taxonomy":"category","embeddable":true,"href":"https:\/\/lentrenous.be\/fr\/wp-json\/wp\/v2\/categories?post=909"},{"taxonomy":"post_tag","embeddable":true,"href":"https:\/\/lentrenous.be\/fr\/wp-json\/wp\/v2\/tags?post=909"}],"curies":[{"name":"wp","href":"https:\/\/api.w.org\/{rel}","templated":true}]}}