{"id":284,"date":"2020-05-10T22:48:24","date_gmt":"2020-05-10T20:48:24","guid":{"rendered":"https:\/\/lentrenous.be\/fr\/?p=284"},"modified":"2020-05-12T19:52:30","modified_gmt":"2020-05-12T17:52:30","slug":"plat-de-la-semaine-du-11-05-au-15-05","status":"publish","type":"post","link":"https:\/\/lentrenous.be\/fr\/05\/10\/plat-de-la-semaine-du-11-05-au-15-05\/","title":{"rendered":"Plat de la semaine du 11\/05 au 15\/05"},"content":{"rendered":"\t\t<div data-elementor-type=\"wp-post\" data-elementor-id=\"284\" class=\"elementor elementor-284\">\n\t\t\t\t\t\t<section class=\"elementor-section elementor-top-section elementor-element elementor-element-122a5c1 elementor-section-boxed elementor-section-height-default elementor-section-height-default\" data-id=\"122a5c1\" data-element_type=\"section\">\n\t\t\t\t\t\t<div class=\"elementor-container elementor-column-gap-default\">\n\t\t\t\t\t<div class=\"elementor-column elementor-col-100 elementor-top-column elementor-element elementor-element-8d2aa64\" data-id=\"8d2aa64\" data-element_type=\"column\">\n\t\t\t<div class=\"elementor-widget-wrap elementor-element-populated\">\n\t\t\t\t\t\t<div class=\"elementor-element elementor-element-e28170f elementor-widget elementor-widget-text-editor\" data-id=\"e28170f\" data-element_type=\"widget\" data-widget_type=\"text-editor.default\">\n\t\t\t\t<div class=\"elementor-widget-container\">\n\t\t\t\t\t\t\t\t\t<div id=\"u_0_j\" class=\"_li\"><div id=\"globalContainer\" class=\"uiContextualLayerParent\"><div id=\"content\" class=\"fb_content clearfix \" data-referrer=\"content\"><div><div id=\"mainContainer\" class=\"clearfix _2pie\"><div id=\"contentCol\" class=\"_5r-_ homeWiderContent homeFixedLayout newsFeedComposer _1qkq _1ql0\"><div id=\"content_container\" class=\"clearfix\"><div id=\"contentArea\" class=\"_14i5 _1qkq _1qkx\" role=\"main\"><div id=\"stream_pagelet\" data-referrer=\"stream_pagelet\" data-at-shortcutkeys=\"{\"><div id=\"topnews_main_stream_408239535924329\" data-referrer=\"topnews_main_stream_408239535924329\" data-gt=\"{\"><div id=\"feed_stream_5eb8593ad7e388d47780599\" class=\"_5pcb _dp7 _4j3f\" role=\"region\" aria-label=\"Fil d\u2019actualit\u00e9\" data-testid=\"newsFeedStream\"><div role=\"feed\"><div id=\"substream_1\" class=\"_4ikz\" data-referrer=\"substream_1\"><div><div id=\"u_ps_jsonp_27_0_k\"><div><div id=\"hyperfeed_story_id_5eb8593c96c684313609642\" class=\"_5jmm _5pat _3lb4 c_1d9crtbtp_\" role=\"article\" aria-posinset=\"4\" aria-setsize=\"9\" aria-describedby=\"js_4d0 js_4d1\" aria-labelledby=\"js_4cz\" data-testid=\"fbfeed_story\" data-referrer=\"hyperfeed_story_id_5eb8593c96c684313609642\" data-timestamp=\"1589137381\" data-dedupekey=\"5580968394880799033\" data-cursor=\"MTU4OTEzOTc3MDoxNTg5MTM5NzcwOjI6NTU4MDk2ODM5NDg4MDc5OTAzMzowOjY4MjUzMDMzNDMwMTM1NTg4NjY=\" data-ftr=\"1\" data-fte=\"1\" data-insertion-position=\"3\"><div id=\"u_ps_jsonp_27_0_l\" class=\"_4-u2 mbm _4mrt _5v3q _7cqq _4-u8\"><div id=\"u_ps_jsonp_27_0_m\" class=\"_3ccb _4pu6\" data-gt=\"{\" data-ft=\"{\"><div class=\"_5pcr userContentWrapper\" data-ft=\"{\"><div class=\"_1dwg _1w_m _q7o\" data-vc-ignore-dynamic=\"1\"><div><div id=\"js_4d1\" class=\"_5pbx userContent _3ds9 _3576\" data-testid=\"post_message\" data-ft=\"{\"><div id=\"id_5eb8593c9a2787f50333499\" class=\"text_exposed_root text_exposed\"><p>Chers clients et amis commer\u00e7ants, l&rsquo;Entre-Nous \u00e0 le plaisir de vous proposer un plat unique pr\u00eat \u00e0 servir afin de vous faciliter la vie, du lundi au vendredi au prix de 10,50\u20ac . <br \/>Au menu cette semaine : Carbonnades \u00e0 la flamande, pommes rissol\u00e9es aux \u00e9pices du monde<br \/>Commande jusque 14h le jour m\u00eame au num\u00e9ro suivant: 019.54.61.46<br \/>Enl\u00e8vement du Lundi au vendredi de 17 \u00e0 19h<\/p><p><span class=\"text_exposed_hide\">\u2026<\/span><\/p><div class=\"text_exposed_show\"><p>A tr\u00e8s bient\u00f4t !!!<\/p><\/div><\/div><\/div><\/div><\/div><\/div><\/div><\/div><\/div><\/div><\/div><\/div><\/div><\/div><\/div><\/div><\/div><\/div><\/div><\/div><\/div><\/div><\/div><\/div><\/div>\t\t\t\t\t\t\t\t<\/div>\n\t\t\t\t<\/div>\n\t\t\t\t\t<\/div>\n\t\t<\/div>\n\t\t\t\t\t<\/div>\n\t\t<\/section>\n\t\t\t\t<\/div>\n\t\t","protected":false},"excerpt":{"rendered":"<p>Chers clients et amis commer\u00e7ants, l&rsquo;Entre-Nous \u00e0 le plaisir de vous proposer un plat unique pr\u00eat \u00e0 servir afin de vous faciliter la vie, du lundi au vendredi au prix de 10,50\u20ac . Au menu cette semaine : Carbonnades \u00e0 la flamande, pommes rissol\u00e9es aux \u00e9pices du mondeCommande jusque 14h le jour m\u00eame au num\u00e9ro [&hellip;]<\/p>\n","protected":false},"author":3,"featured_media":290,"comment_status":"closed","ping_status":"open","sticky":false,"template":"","format":"standard","meta":{"ocean_post_layout":"","ocean_both_sidebars_style":"","ocean_both_sidebars_content_width":0,"ocean_both_sidebars_sidebars_width":0,"ocean_sidebar":"0","ocean_second_sidebar":"0","ocean_disable_margins":"enable","ocean_add_body_class":"","ocean_shortcode_before_top_bar":"","ocean_shortcode_after_top_bar":"","ocean_shortcode_before_header":"","ocean_shortcode_after_header":"","ocean_has_shortcode":"","ocean_shortcode_after_title":"","ocean_shortcode_before_footer_widgets":"","ocean_shortcode_after_footer_widgets":"","ocean_shortcode_before_footer_bottom":"","ocean_shortcode_after_footer_bottom":"","ocean_display_top_bar":"default","ocean_display_header":"default","ocean_header_style":"","ocean_center_header_left_menu":"0","ocean_custom_header_template":"0","ocean_custom_logo":0,"ocean_custom_retina_logo":0,"ocean_custom_logo_max_width":0,"ocean_custom_logo_tablet_max_width":0,"ocean_custom_logo_mobile_max_width":0,"ocean_custom_logo_max_height":0,"ocean_custom_logo_tablet_max_height":0,"ocean_custom_logo_mobile_max_height":0,"ocean_header_custom_menu":"0","ocean_menu_typo_font_family":"0","ocean_menu_typo_font_subset":"","ocean_menu_typo_font_size":0,"ocean_menu_typo_font_size_tablet":0,"ocean_menu_typo_font_size_mobile":0,"ocean_menu_typo_font_size_unit":"px","ocean_menu_typo_font_weight":"","ocean_menu_typo_font_weight_tablet":"","ocean_menu_typo_font_weight_mobile":"","ocean_menu_typo_transform":"","ocean_menu_typo_transform_tablet":"","ocean_menu_typo_transform_mobile":"","ocean_menu_typo_line_height":0,"ocean_menu_typo_line_height_tablet":0,"ocean_menu_typo_line_height_mobile":0,"ocean_menu_typo_line_height_unit":"","ocean_menu_typo_spacing":0,"ocean_menu_typo_spacing_tablet":0,"ocean_menu_typo_spacing_mobile":0,"ocean_menu_typo_spacing_unit":"","ocean_menu_link_color":"","ocean_menu_link_color_hover":"","ocean_menu_link_color_active":"","ocean_menu_link_background":"","ocean_menu_link_hover_background":"","ocean_menu_link_active_background":"","ocean_menu_social_links_bg":"","ocean_menu_social_hover_links_bg":"","ocean_menu_social_links_color":"","ocean_menu_social_hover_links_color":"","ocean_disable_title":"default","ocean_disable_heading":"default","ocean_post_title":"","ocean_post_subheading":"","ocean_post_title_style":"","ocean_post_title_background_color":"","ocean_post_title_background":0,"ocean_post_title_bg_image_position":"","ocean_post_title_bg_image_attachment":"","ocean_post_title_bg_image_repeat":"","ocean_post_title_bg_image_size":"","ocean_post_title_height":0,"ocean_post_title_bg_overlay":0.5,"ocean_post_title_bg_overlay_color":"","ocean_disable_breadcrumbs":"default","ocean_breadcrumbs_color":"","ocean_breadcrumbs_separator_color":"","ocean_breadcrumbs_links_color":"","ocean_breadcrumbs_links_hover_color":"","ocean_display_footer_widgets":"default","ocean_display_footer_bottom":"default","ocean_custom_footer_template":"0","ocean_post_oembed":"","ocean_post_self_hosted_media":"","ocean_post_video_embed":"","ocean_link_format":"","ocean_link_format_target":"self","ocean_quote_format":"","ocean_quote_format_link":"post","ocean_gallery_link_images":"off","ocean_gallery_id":[],"footnotes":""},"categories":[1],"tags":[],"class_list":["post-284","post","type-post","status-publish","format-standard","has-post-thumbnail","hentry","category-non-classe","entry","has-media"],"yoast_head":"<!-- This site is optimized with the Yoast SEO plugin v26.7 - https:\/\/yoast.com\/wordpress\/plugins\/seo\/ -->\n<title>Plat de la semaine du 11\/05 au 15\/05 - Brasserie l&#039;Entre-Nous<\/title>\n<meta name=\"robots\" content=\"index, follow, max-snippet:-1, max-image-preview:large, max-video-preview:-1\" \/>\n<link rel=\"canonical\" href=\"https:\/\/lentrenous.be\/fr\/05\/10\/plat-de-la-semaine-du-11-05-au-15-05\/\" \/>\n<meta property=\"og:locale\" content=\"fr_FR\" \/>\n<meta property=\"og:type\" content=\"article\" \/>\n<meta property=\"og:title\" content=\"L&#039;Entre-Nous - Plat de la semaine du 11\/05 au 15\/05\" \/>\n<meta property=\"og:description\" content=\"Chers clients et amis commer\u00e7ants, l&rsquo;Entre-Nous \u00e0 le plaisir de vous proposer un plat unique pr\u00eat \u00e0 servir afin de vous faciliter la vie, du lundi au vendredi au prix de 10,50\u20ac . Au menu cette semaine : Carbonnades \u00e0 la flamande, pommes rissol\u00e9es aux \u00e9pices du mondeCommande jusque 14h le jour m\u00eame au num\u00e9ro [&hellip;]\" \/>\n<meta property=\"og:url\" content=\"https:\/\/lentrenous.be\/fr\/05\/10\/plat-de-la-semaine-du-11-05-au-15-05\/\" \/>\n<meta property=\"og:site_name\" content=\"Brasserie l&#039;Entre-Nous\" \/>\n<meta property=\"article:published_time\" content=\"2020-05-10T20:48:24+00:00\" \/>\n<meta property=\"article:modified_time\" content=\"2020-05-12T17:52:30+00:00\" \/>\n<meta property=\"og:image\" content=\"https:\/\/lentrenous.be\/fr\/wp-content\/uploads\/2020\/05\/Carbonnade_flamande_\u00e0_la_bi\u00e8re-lentrenous.jpg\" \/>\n\t<meta property=\"og:image:width\" content=\"1200\" \/>\n\t<meta property=\"og:image:height\" content=\"628\" \/>\n\t<meta property=\"og:image:type\" content=\"image\/jpeg\" \/>\n<meta name=\"author\" content=\"Didier Cox\" \/>\n<meta name=\"twitter:card\" content=\"summary_large_image\" \/>\n<meta name=\"twitter:label1\" content=\"\u00c9crit par\" \/>\n\t<meta name=\"twitter:data1\" content=\"Didier Cox\" \/>\n<script type=\"application\/ld+json\" class=\"yoast-schema-graph\">{\"@context\":\"https:\/\/schema.org\",\"@graph\":[{\"@type\":\"Article\",\"@id\":\"https:\/\/lentrenous.be\/fr\/05\/10\/plat-de-la-semaine-du-11-05-au-15-05\/#article\",\"isPartOf\":{\"@id\":\"https:\/\/lentrenous.be\/fr\/05\/10\/plat-de-la-semaine-du-11-05-au-15-05\/\"},\"author\":{\"name\":\"Didier Cox\",\"@id\":\"https:\/\/lentrenous.be\/fr\/#\/schema\/person\/0a870de8fa36bc005ad18b7b07f78a87\"},\"headline\":\"Plat de la semaine du 11\/05 au 15\/05\",\"datePublished\":\"2020-05-10T20:48:24+00:00\",\"dateModified\":\"2020-05-12T17:52:30+00:00\",\"mainEntityOfPage\":{\"@id\":\"https:\/\/lentrenous.be\/fr\/05\/10\/plat-de-la-semaine-du-11-05-au-15-05\/\"},\"wordCount\":74,\"image\":{\"@id\":\"https:\/\/lentrenous.be\/fr\/05\/10\/plat-de-la-semaine-du-11-05-au-15-05\/#primaryimage\"},\"thumbnailUrl\":\"https:\/\/lentrenous.be\/fr\/wp-content\/uploads\/2020\/05\/Carbonnade_flamande_\u00e0_la_bi\u00e8re-lentrenous.jpg\",\"inLanguage\":\"fr-FR\"},{\"@type\":\"WebPage\",\"@id\":\"https:\/\/lentrenous.be\/fr\/05\/10\/plat-de-la-semaine-du-11-05-au-15-05\/\",\"url\":\"https:\/\/lentrenous.be\/fr\/05\/10\/plat-de-la-semaine-du-11-05-au-15-05\/\",\"name\":\"Plat de la semaine du 11\/05 au 15\/05 - Brasserie l&#039;Entre-Nous\",\"isPartOf\":{\"@id\":\"https:\/\/lentrenous.be\/fr\/#website\"},\"primaryImageOfPage\":{\"@id\":\"https:\/\/lentrenous.be\/fr\/05\/10\/plat-de-la-semaine-du-11-05-au-15-05\/#primaryimage\"},\"image\":{\"@id\":\"https:\/\/lentrenous.be\/fr\/05\/10\/plat-de-la-semaine-du-11-05-au-15-05\/#primaryimage\"},\"thumbnailUrl\":\"https:\/\/lentrenous.be\/fr\/wp-content\/uploads\/2020\/05\/Carbonnade_flamande_\u00e0_la_bi\u00e8re-lentrenous.jpg\",\"datePublished\":\"2020-05-10T20:48:24+00:00\",\"dateModified\":\"2020-05-12T17:52:30+00:00\",\"author\":{\"@id\":\"https:\/\/lentrenous.be\/fr\/#\/schema\/person\/0a870de8fa36bc005ad18b7b07f78a87\"},\"breadcrumb\":{\"@id\":\"https:\/\/lentrenous.be\/fr\/05\/10\/plat-de-la-semaine-du-11-05-au-15-05\/#breadcrumb\"},\"inLanguage\":\"fr-FR\",\"potentialAction\":[{\"@type\":\"ReadAction\",\"target\":[\"https:\/\/lentrenous.be\/fr\/05\/10\/plat-de-la-semaine-du-11-05-au-15-05\/\"]}]},{\"@type\":\"ImageObject\",\"inLanguage\":\"fr-FR\",\"@id\":\"https:\/\/lentrenous.be\/fr\/05\/10\/plat-de-la-semaine-du-11-05-au-15-05\/#primaryimage\",\"url\":\"https:\/\/lentrenous.be\/fr\/wp-content\/uploads\/2020\/05\/Carbonnade_flamande_\u00e0_la_bi\u00e8re-lentrenous.jpg\",\"contentUrl\":\"https:\/\/lentrenous.be\/fr\/wp-content\/uploads\/2020\/05\/Carbonnade_flamande_\u00e0_la_bi\u00e8re-lentrenous.jpg\",\"width\":1200,\"height\":628},{\"@type\":\"BreadcrumbList\",\"@id\":\"https:\/\/lentrenous.be\/fr\/05\/10\/plat-de-la-semaine-du-11-05-au-15-05\/#breadcrumb\",\"itemListElement\":[{\"@type\":\"ListItem\",\"position\":1,\"name\":\"Accueil\",\"item\":\"https:\/\/lentrenous.be\/fr\/\"},{\"@type\":\"ListItem\",\"position\":2,\"name\":\"Plat de la semaine du 11\/05 au 15\/05\"}]},{\"@type\":\"WebSite\",\"@id\":\"https:\/\/lentrenous.be\/fr\/#website\",\"url\":\"https:\/\/lentrenous.be\/fr\/\",\"name\":\"Brasserie l&#039;Entre-Nous\",\"description\":\"Votre brasserie \u00e0 Hannut\",\"potentialAction\":[{\"@type\":\"SearchAction\",\"target\":{\"@type\":\"EntryPoint\",\"urlTemplate\":\"https:\/\/lentrenous.be\/fr\/?s={search_term_string}\"},\"query-input\":{\"@type\":\"PropertyValueSpecification\",\"valueRequired\":true,\"valueName\":\"search_term_string\"}}],\"inLanguage\":\"fr-FR\"},{\"@type\":\"Person\",\"@id\":\"https:\/\/lentrenous.be\/fr\/#\/schema\/person\/0a870de8fa36bc005ad18b7b07f78a87\",\"name\":\"Didier Cox\",\"image\":{\"@type\":\"ImageObject\",\"inLanguage\":\"fr-FR\",\"@id\":\"https:\/\/lentrenous.be\/fr\/#\/schema\/person\/image\/\",\"url\":\"https:\/\/secure.gravatar.com\/avatar\/9e295013ed8451e8c3d57b47c1fc0aa8b6e0a92b8536a810adae4b87a56bb406?s=96&d=mm&r=g\",\"contentUrl\":\"https:\/\/secure.gravatar.com\/avatar\/9e295013ed8451e8c3d57b47c1fc0aa8b6e0a92b8536a810adae4b87a56bb406?s=96&d=mm&r=g\",\"caption\":\"Didier Cox\"},\"url\":\"https:\/\/lentrenous.be\/fr\/author\/lentrenous\/\"}]}<\/script>\n<!-- \/ Yoast SEO plugin. -->","yoast_head_json":{"title":"Plat de la semaine du 11\/05 au 15\/05 - Brasserie l&#039;Entre-Nous","robots":{"index":"index","follow":"follow","max-snippet":"max-snippet:-1","max-image-preview":"max-image-preview:large","max-video-preview":"max-video-preview:-1"},"canonical":"https:\/\/lentrenous.be\/fr\/05\/10\/plat-de-la-semaine-du-11-05-au-15-05\/","og_locale":"fr_FR","og_type":"article","og_title":"L'Entre-Nous - Plat de la semaine du 11\/05 au 15\/05","og_description":"Chers clients et amis commer\u00e7ants, l&rsquo;Entre-Nous \u00e0 le plaisir de vous proposer un plat unique pr\u00eat \u00e0 servir afin de vous faciliter la vie, du lundi au vendredi au prix de 10,50\u20ac . Au menu cette semaine : Carbonnades \u00e0 la flamande, pommes rissol\u00e9es aux \u00e9pices du mondeCommande jusque 14h le jour m\u00eame au num\u00e9ro [&hellip;]","og_url":"https:\/\/lentrenous.be\/fr\/05\/10\/plat-de-la-semaine-du-11-05-au-15-05\/","og_site_name":"Brasserie l&#039;Entre-Nous","article_published_time":"2020-05-10T20:48:24+00:00","article_modified_time":"2020-05-12T17:52:30+00:00","og_image":[{"width":1200,"height":628,"url":"https:\/\/lentrenous.be\/fr\/wp-content\/uploads\/2020\/05\/Carbonnade_flamande_\u00e0_la_bi\u00e8re-lentrenous.jpg","type":"image\/jpeg"}],"author":"Didier Cox","twitter_card":"summary_large_image","twitter_misc":{"\u00c9crit par":"Didier Cox"},"schema":{"@context":"https:\/\/schema.org","@graph":[{"@type":"Article","@id":"https:\/\/lentrenous.be\/fr\/05\/10\/plat-de-la-semaine-du-11-05-au-15-05\/#article","isPartOf":{"@id":"https:\/\/lentrenous.be\/fr\/05\/10\/plat-de-la-semaine-du-11-05-au-15-05\/"},"author":{"name":"Didier Cox","@id":"https:\/\/lentrenous.be\/fr\/#\/schema\/person\/0a870de8fa36bc005ad18b7b07f78a87"},"headline":"Plat de la semaine du 11\/05 au 15\/05","datePublished":"2020-05-10T20:48:24+00:00","dateModified":"2020-05-12T17:52:30+00:00","mainEntityOfPage":{"@id":"https:\/\/lentrenous.be\/fr\/05\/10\/plat-de-la-semaine-du-11-05-au-15-05\/"},"wordCount":74,"image":{"@id":"https:\/\/lentrenous.be\/fr\/05\/10\/plat-de-la-semaine-du-11-05-au-15-05\/#primaryimage"},"thumbnailUrl":"https:\/\/lentrenous.be\/fr\/wp-content\/uploads\/2020\/05\/Carbonnade_flamande_\u00e0_la_bi\u00e8re-lentrenous.jpg","inLanguage":"fr-FR"},{"@type":"WebPage","@id":"https:\/\/lentrenous.be\/fr\/05\/10\/plat-de-la-semaine-du-11-05-au-15-05\/","url":"https:\/\/lentrenous.be\/fr\/05\/10\/plat-de-la-semaine-du-11-05-au-15-05\/","name":"Plat de la semaine du 11\/05 au 15\/05 - Brasserie l&#039;Entre-Nous","isPartOf":{"@id":"https:\/\/lentrenous.be\/fr\/#website"},"primaryImageOfPage":{"@id":"https:\/\/lentrenous.be\/fr\/05\/10\/plat-de-la-semaine-du-11-05-au-15-05\/#primaryimage"},"image":{"@id":"https:\/\/lentrenous.be\/fr\/05\/10\/plat-de-la-semaine-du-11-05-au-15-05\/#primaryimage"},"thumbnailUrl":"https:\/\/lentrenous.be\/fr\/wp-content\/uploads\/2020\/05\/Carbonnade_flamande_\u00e0_la_bi\u00e8re-lentrenous.jpg","datePublished":"2020-05-10T20:48:24+00:00","dateModified":"2020-05-12T17:52:30+00:00","author":{"@id":"https:\/\/lentrenous.be\/fr\/#\/schema\/person\/0a870de8fa36bc005ad18b7b07f78a87"},"breadcrumb":{"@id":"https:\/\/lentrenous.be\/fr\/05\/10\/plat-de-la-semaine-du-11-05-au-15-05\/#breadcrumb"},"inLanguage":"fr-FR","potentialAction":[{"@type":"ReadAction","target":["https:\/\/lentrenous.be\/fr\/05\/10\/plat-de-la-semaine-du-11-05-au-15-05\/"]}]},{"@type":"ImageObject","inLanguage":"fr-FR","@id":"https:\/\/lentrenous.be\/fr\/05\/10\/plat-de-la-semaine-du-11-05-au-15-05\/#primaryimage","url":"https:\/\/lentrenous.be\/fr\/wp-content\/uploads\/2020\/05\/Carbonnade_flamande_\u00e0_la_bi\u00e8re-lentrenous.jpg","contentUrl":"https:\/\/lentrenous.be\/fr\/wp-content\/uploads\/2020\/05\/Carbonnade_flamande_\u00e0_la_bi\u00e8re-lentrenous.jpg","width":1200,"height":628},{"@type":"BreadcrumbList","@id":"https:\/\/lentrenous.be\/fr\/05\/10\/plat-de-la-semaine-du-11-05-au-15-05\/#breadcrumb","itemListElement":[{"@type":"ListItem","position":1,"name":"Accueil","item":"https:\/\/lentrenous.be\/fr\/"},{"@type":"ListItem","position":2,"name":"Plat de la semaine du 11\/05 au 15\/05"}]},{"@type":"WebSite","@id":"https:\/\/lentrenous.be\/fr\/#website","url":"https:\/\/lentrenous.be\/fr\/","name":"Brasserie l&#039;Entre-Nous","description":"Votre brasserie \u00e0 Hannut","potentialAction":[{"@type":"SearchAction","target":{"@type":"EntryPoint","urlTemplate":"https:\/\/lentrenous.be\/fr\/?s={search_term_string}"},"query-input":{"@type":"PropertyValueSpecification","valueRequired":true,"valueName":"search_term_string"}}],"inLanguage":"fr-FR"},{"@type":"Person","@id":"https:\/\/lentrenous.be\/fr\/#\/schema\/person\/0a870de8fa36bc005ad18b7b07f78a87","name":"Didier Cox","image":{"@type":"ImageObject","inLanguage":"fr-FR","@id":"https:\/\/lentrenous.be\/fr\/#\/schema\/person\/image\/","url":"https:\/\/secure.gravatar.com\/avatar\/9e295013ed8451e8c3d57b47c1fc0aa8b6e0a92b8536a810adae4b87a56bb406?s=96&d=mm&r=g","contentUrl":"https:\/\/secure.gravatar.com\/avatar\/9e295013ed8451e8c3d57b47c1fc0aa8b6e0a92b8536a810adae4b87a56bb406?s=96&d=mm&r=g","caption":"Didier Cox"},"url":"https:\/\/lentrenous.be\/fr\/author\/lentrenous\/"}]}},"_links":{"self":[{"href":"https:\/\/lentrenous.be\/fr\/wp-json\/wp\/v2\/posts\/284","targetHints":{"allow":["GET"]}}],"collection":[{"href":"https:\/\/lentrenous.be\/fr\/wp-json\/wp\/v2\/posts"}],"about":[{"href":"https:\/\/lentrenous.be\/fr\/wp-json\/wp\/v2\/types\/post"}],"author":[{"embeddable":true,"href":"https:\/\/lentrenous.be\/fr\/wp-json\/wp\/v2\/users\/3"}],"replies":[{"embeddable":true,"href":"https:\/\/lentrenous.be\/fr\/wp-json\/wp\/v2\/comments?post=284"}],"version-history":[{"count":8,"href":"https:\/\/lentrenous.be\/fr\/wp-json\/wp\/v2\/posts\/284\/revisions"}],"predecessor-version":[{"id":295,"href":"https:\/\/lentrenous.be\/fr\/wp-json\/wp\/v2\/posts\/284\/revisions\/295"}],"wp:featuredmedia":[{"embeddable":true,"href":"https:\/\/lentrenous.be\/fr\/wp-json\/wp\/v2\/media\/290"}],"wp:attachment":[{"href":"https:\/\/lentrenous.be\/fr\/wp-json\/wp\/v2\/media?parent=284"}],"wp:term":[{"taxonomy":"category","embeddable":true,"href":"https:\/\/lentrenous.be\/fr\/wp-json\/wp\/v2\/categories?post=284"},{"taxonomy":"post_tag","embeddable":true,"href":"https:\/\/lentrenous.be\/fr\/wp-json\/wp\/v2\/tags?post=284"}],"curies":[{"name":"wp","href":"https:\/\/api.w.org\/{rel}","templated":true}]}}